{"id":5487,"date":"2017-06-05T16:28:33","date_gmt":"2017-06-05T16:28:33","guid":{"rendered":"http:\/\/barcelonaothereyesroutes.com\/?p=5487"},"modified":"2023-01-31T19:28:14","modified_gmt":"2023-01-31T17:28:14","slug":"de-espadas-magicas-y-dragones","status":"publish","type":"post","link":"http:\/\/barcelonaothereyesroutes.com\/en\/de-espadas-magicas-y-dragones\/","title":{"rendered":"De espadas m\u00e1gicas y dragones"},"content":{"rendered":"<p>El 18 de Octubre de 1274, Jaime I \u201cel conquistador\u201d emite en Barcelona una curiosa sentencia sobre un litigio entre dos importantes familias de la nobleza: Los Cabrera y los Centellas.<\/p>\n<p>El origen del litigio, como no, es una cuesti\u00f3n de tierras. El denunciante, el caballero Arnau de Cabrera, alega que el caballero Bernat de Centellas le reta sosteniendo que hab\u00eda de ser vasallo suyo por raz\u00f3n de un feudo. Arnau de Cabrera niega dicha dependencia y acepta el reto acord\u00e1ndose la resoluci\u00f3n del litigio por una batalla judicial que no es otra cosa que liarse a mamporrazos a lanza y espada otorg\u00e1ndosele la raz\u00f3n al que quede en pie.<\/p>\n<p>Llegado el d\u00eda de la liza comparecen Arnau de Cabrera y Bernat de Centellas, hijo del susodicho Bernat de Centellas, haciendo ambos los juramentos de consuetud, entre ellos que no llevaban objetos de virtud, o sea m\u00e1gicos (quod non deferebant aliquid quod haberet virtutem). Este juramento se hace frente al noble Guillem Ram\u00f3n de Montcada.<\/p>\n<p>Hecho esto solo quedaba atizarse lo mas fuerte posible uno a otro. El resultado de la contienda fue favorable a Bernat de Centellas con bastante claridad, parece que Arnau de Cabrera sali\u00f3 bastante apaleado de la lucha perdiendo en esta el escudo, dos espadas y dos mazas de guerra por lo que no le qued\u00f3 otro remedio sobre el campo que rendir vasallaje a su oponente.<\/p>\n<p><img loading=\"lazy\" decoding=\"async\" src=\"http:\/\/barcelonaothereyesroutes.com\/wp-content\/uploads\/2016\/02\/juicio-por-combate.jpg\" alt=\"\" width=\"736\" height=\"552\" \/><\/p>\n<p>Pero la historia no acaba aqu\u00ed. Arnau de Cabrera presenta una protesta ante el rey alegando que Bernat de Centellas hab\u00eda usado objetos m\u00e1gicos en la contienda. Estos objetos son una famosa espada conocida como \u201cla Vilardella\u201d que tiene la virtud de hacer invencible a quien la lleva, adem\u00e1s de una cierta Alba (camisa) que te salva de cualquier herida y una cajita de hierro que contiene un diamante m\u00e1gico que impide cualquier rotura de hueso al portador.<\/p>\n<p>Tras muchas consideraciones y consultas con sus consejeros el rey Jaime acaba aceptando la protesta como leg\u00edtima y dando la raz\u00f3n a Arnau de Cabrera, restituyendo el caso a la situaci\u00f3n anterior al juicio. En esta decisi\u00f3n seguramente influir\u00eda la naturaleza supersticiosa de las gentes en aquellos tiempos, pero sin duda se atiene perfectamente al derecho de la \u00e9poca. Muy posiblemente tambi\u00e9n influy\u00f3 que la madre de Arnau de Cabrera, Guillema de Ampuries, era la amante desde un a\u00f1o antes del insaciable Jaime I, adem\u00e1s de que parece que el rey tambi\u00e9n anhelaba la posesi\u00f3n de tan famosa espada que a\u00f1os despu\u00e9s aparece documentada como posesi\u00f3n de la familia real. De hecho es blandida por su bisnieto Alfonso IV, en aquel tiempo tan solo infante, en la batalla de Lucocisterna en Cerde\u00f1a, donde dicen las cr\u00f3nicas que descabalgado y rodeado de enemigos derrot\u00f3 e hizo huir a todo el que se le puso por delante.<\/p>\n<p>El origen m\u00e1gico de esta espada se narra en una leyenda. En los alrededores de Sant Celoni viv\u00eda un drag\u00f3n que ten\u00eda aterrorizada a la comarca. Un d\u00eda San Mart\u00edn con apariencia de pobre se acerca al Castillo Vilardell (de ah\u00ed el nombre de la espada) pidiendo caridad. Cuando el se\u00f1or del castillo, el caballero Vilardell sale a ofrecerle pan y agua solo encuentra una magn\u00edfica espada. El problema es que esta espada requer\u00eda de un encantamiento que deb\u00eda ser recitado antes de usarla y el caballero, bien por soberbia o bien por descuido confunde el orden de los versos.<\/p>\n<div style=\"width: 281px\" class=\"wp-caption alignright\"><img loading=\"lazy\" decoding=\"async\" src=\"http:\/\/barcelonaothereyesroutes.com\/wp-content\/uploads\/2016\/02\/EspasaSolerVilardell.jpg\" alt=\"La espada Vilardella en el Museo de las Armas de Par\u00eds\" width=\"271\" height=\"400\" \/><p class=\"wp-caption-text\"><em>La espada Vilardella en el Museo de las Armas de Par\u00eds<\/em><\/p><\/div>\n<p>El orden correcto era el siguiente:<\/p>\n<p>Espada de virtud,<br \/>\nbrazo de caballero,<br \/>\nhas partido la roca<br \/>\ny el drag\u00f3n tambi\u00e9n.<\/p>\n<p>Pero el caballero la recit\u00f3 as\u00ed:<\/p>\n<p>Brazo de virtud,<br \/>\nespada de caballero,<br \/>\nhas partido la roca<br \/>\ny el drag\u00f3n tambi\u00e9n.<\/p>\n<p>El caballero finalmente acaba con el drag\u00f3n, pero pierde la protecci\u00f3n de la espada al errar el encantamiento y cuando la sangre del drag\u00f3n se le escurre hasta la mano muere envenenado.<\/p>\n<p>Una representaci\u00f3n de esta m\u00e1gica espada y su leyenda se puede ver en el portal de la catedral en la plaza de San Iu y la misma espada se puede admirar hoy en d\u00eda, tras pasar de mano en mano de reyes, en el Museo de las armas de Par\u00eds.<\/p>\n","protected":false},"excerpt":{"rendered":"<p>El 18 de Octubre de 1274, Jaime I \u201cel conquistador\u201d emite en Barcelona una curiosa sentencia sobre un litigio entre dos importantes familias de la nobleza: Los Cabrera y los Centellas. El origen del litigio, como no, es una cuesti\u00f3n de tierras. El denunciante, el caballero Arnau de Cabrera, alega que el caballero Bernat de [&hellip;]<\/p>\n","protected":false},"author":1,"featured_media":0,"comment_status":"open","ping_status":"open","sticky":false,"template":"","format":"standard","meta":{"_et_pb_use_builder":"","_et_pb_old_content":"","_et_gb_content_width":"","footnotes":""},"categories":[3],"tags":[],"class_list":["post-5487","post","type-post","status-publish","format-standard","hentry","category-history"],"_links":{"self":[{"href":"http:\/\/barcelonaothereyesroutes.com\/en\/wp-json\/wp\/v2\/posts\/5487","targetHints":{"allow":["GET"]}}],"collection":[{"href":"http:\/\/barcelonaothereyesroutes.com\/en\/wp-json\/wp\/v2\/posts"}],"about":[{"href":"http:\/\/barcelonaothereyesroutes.com\/en\/wp-json\/wp\/v2\/types\/post"}],"author":[{"embeddable":true,"href":"http:\/\/barcelonaothereyesroutes.com\/en\/wp-json\/wp\/v2\/users\/1"}],"replies":[{"embeddable":true,"href":"http:\/\/barcelonaothereyesroutes.com\/en\/wp-json\/wp\/v2\/comments?post=5487"}],"version-history":[{"count":0,"href":"http:\/\/barcelonaothereyesroutes.com\/en\/wp-json\/wp\/v2\/posts\/5487\/revisions"}],"wp:attachment":[{"href":"http:\/\/barcelonaothereyesroutes.com\/en\/wp-json\/wp\/v2\/media?parent=5487"}],"wp:term":[{"taxonomy":"category","embeddable":true,"href":"http:\/\/barcelonaothereyesroutes.com\/en\/wp-json\/wp\/v2\/categories?post=5487"},{"taxonomy":"post_tag","embeddable":true,"href":"http:\/\/barcelonaothereyesroutes.com\/en\/wp-json\/wp\/v2\/tags?post=5487"}],"curies":[{"name":"wp","href":"https:\/\/api.w.org\/{rel}","templated":true}]}}